{"id":1029,"date":"2021-07-30T17:22:27","date_gmt":"2021-07-30T15:22:27","guid":{"rendered":"https:\/\/www.valuans.com\/?p=1029"},"modified":"2022-07-01T19:25:48","modified_gmt":"2022-07-01T17:25:48","slug":"creation-developpement-et-mise-en-place-dune-solution-pour-faciliter-la-mobilite-en-zone-rurale","status":"publish","type":"post","link":"https:\/\/www.valuans.com\/en\/creation-developpement-et-mise-en-place-dune-solution-pour-faciliter-la-mobilite-en-zone-rurale\/","title":{"rendered":"Co-construction d&rsquo;une solution pratique pour faciliter la mobilit\u00e9 en zone rurale"},"content":{"rendered":"<p>Depuis 2017 un grand nombre d&rsquo;entreprises de logistique se sont implant\u00e9es sur la zone d&rsquo;activit\u00e9 d\u2019Artenay Poupry en Eure-et-Loir. Cette dynamique a conduit \u00e0 la cr\u00e9ation de nombreux emplois dans une zone rurale.<\/p>\n<div class=\"page\" title=\"Page 8\">\n<div class=\"section\">\n<div class=\"layoutArea\">\n<div class=\"column\">\n<blockquote><p><strong><span style=\"font-size: 12pt;\">Hier des villages et des champs<\/span><\/strong><\/p>\n<p><span style=\"font-size: 10pt;\">Territoire rural de 970 km2, il se situe \u00e0 la confluence des bassins d\u2019emploi de Paris, Chartres et Orl\u00e9ans. La Communaut\u00e9 de Communes C\u0153ur de Beauce compte une densit\u00e9 faible d\u2019environ 26 habitants\/km2.<\/span><\/p><\/blockquote>\n<div class=\"page\" title=\"Page 8\">\n<div class=\"section\">\n<div class=\"layoutArea\">\n<div class=\"column\">\n<blockquote><p>&nbsp;<\/p>\n<p><strong>Aujourd&rsquo;hui, des villages, des champs et des entreprises<\/strong><\/p>\n<p><span style=\"font-size: 10pt;\">La zone d\u2019activit\u00e9 interd\u00e9partementale Artenay-Poupry, \u00e0 vocation logistique et transport, est situ\u00e9e au sud-est du territoire. Elle concentre pr\u00e8s de 1 000 employ\u00e9s et jusqu\u2019\u00e0 1 500 employ\u00e9s lors des pics d\u2019activit\u00e9. Son d\u00e9veloppement va se poursuivre avec le d\u00e9marrage programm\u00e9 de deux nouveaux entrep\u00f4ts courant 2020.<\/span><\/p><\/blockquote>\n<\/div>\n<\/div>\n<\/div>\n<\/div>\n<p>&nbsp;<\/p>\n<p style=\"font-weight: 400;\"><strong><span style=\"color: #ef7d3a; font-size: 14pt;\">Une solution pour le territoire <\/span><\/strong><\/p>\n<p style=\"font-weight: 400;\">La zone d\u2019activit\u00e9 est dynamique, elle cr\u00e9e des emplois. En parall\u00e8le, de plus en plus d&rsquo;habitants sont confront\u00e9s \u00e0 des difficult\u00e9s d\u2019insertion professionnelle car ils ne sont pas mobiles.<\/p>\n<blockquote>\n<p style=\"font-weight: 400;\">Absence de permis, ou pas de v\u00e9hicule, peu de transports en commun en zone rurale, le covoiturage est la meilleure solution.<\/p>\n<p style=\"font-weight: 400;\">Pour mettre en relation les besoins en main d\u2019\u0153uvre des entreprises et le besoin de mobilit\u00e9 des habitants, la collectivit\u00e9 a initi\u00e9 le projet C\u0153ur de Beauce Mobilit\u00e9.<\/p>\n<p>Cette exp\u00e9rimentation est inscrite parmi les projets soutenus par la loi LOME. Elle a pour objectif d\u2019\u00e9valuer une solution de mobilit\u00e9 domicile-travail. Elle a vocation \u00e0 favoriser l\u2019employabilit\u00e9 des r\u00e9sidents du territoire.<\/p><\/blockquote>\n<p>&nbsp;<\/p>\n<p><strong><span style=\"color: #ef7d3a; font-size: 14pt;\">R\u00e9inventer la\u00a0Mobilit\u00e9\u00a0<\/span><\/strong><\/p>\n<p>Les enjeux du projet sont de mettre en place des <strong>leviers<\/strong> pour r\u00e9ussir \u00e0 pourvoir localement les nouveaux emplois : il faut\u00a0<strong>faciliter la mobilit\u00e9<\/strong> des personne, c&rsquo;est \u00e0 dire :<\/p>\n<ul>\n<li>Lever les freins \u00e0 l\u2019employabilit\u00e9 de certains Eur\u00e9liens sur la zone d\u2019Artenay-Poupry en mettant \u00e0 disposition des <strong>transports en commun<\/strong>.<\/li>\n<li>D\u00e9cloisonner les p\u00e9rim\u00e8tres administratifs par la mise en place d\u2019un<strong> projet innovant sur un bassin d\u2019emplois<\/strong>.<\/li>\n<li>Apporter des <strong>solutions flexibles de mobilit\u00e9s.<\/strong><\/li>\n<\/ul>\n<p>&nbsp;<\/p>\n<p><span style=\"color: #64b7db;\"><strong>Les d\u00e9fis de la mobilit\u00e9 : \u00a0<\/strong><\/span><\/p>\n<ul>\n<li><span style=\"color: #64b7db; font-size: 10pt;\">Le d\u00e9fi de la mobilit\u00e9 est de fournir des solutions adapt\u00e9es non seulement aux utilisateurs mais aussi au territoire. Cela implique d&rsquo;anticiper les besoins, les tendances et les \u00e9volutions de la soci\u00e9t\u00e9 afin d&rsquo;identifier les solutions de mobilit\u00e9 les plus adapt\u00e9es. <\/span><\/li>\n<li><span style=\"color: #64b7db; font-size: 10pt;\">Il est important d&rsquo;\u00e9tudier la mobilit\u00e9 individuelle en relation avec la mobilit\u00e9 collective afin d&rsquo;obtenir une compr\u00e9hension exhaustive du syst\u00e8me de mobilit\u00e9. Cette compr\u00e9hension permet de proposer des solutions globales tout en tenant compte des sp\u00e9cificit\u00e9s de chaque acteur.<\/span><\/li>\n<li><span style=\"color: #64b7db; font-size: 10pt;\">Afin de d\u00e9velopper une offre de mobilit\u00e9 robuste et efficace, il est n\u00e9cessaire de travailler en partenariat avec le secteur priv\u00e9, les autorit\u00e9s locales et les instituts de recherche. Ces partenariats permettent de mettre en commun les ressources, les id\u00e9es et les connaissances afin de d\u00e9velopper les solutions de mobilit\u00e9 les plus appropri\u00e9es.<\/span><\/li>\n<\/ul>\n<p>&nbsp;<\/p>\n<p><strong><span style=\"color: #ef7d3a; font-size: 14pt;\">Investir pour exp\u00e9rimenter<\/span><\/strong><\/p>\n<p>La Communaut\u00e9 de Communes C\u0153ur de Beauce investit dans des v\u00e9hicules \u00e9lectriques et dans une application mobile pour d\u00e9velopper le covoiturage. Le principe est simple : les employ\u00e9s qui habitent et travaillent sur le territoire, inscrivent leurs trajets ou leurs besoins de trajets.<\/p>\n<\/div>\n<\/div>\n<\/div>\n<\/div>\n<p>&nbsp;<\/p>\n<h2 style=\"text-align: center;\">Le conseil et l&rsquo;appui op\u00e9rationnel de Valuans<\/h2>\n<p><span style=\"font-size: 14pt;\"><strong><span style=\"color: #ef7d3a;\">Un accompagnement d\u00e9di\u00e9, un projet men\u00e9 comme la cr\u00e9ation d&rsquo;une startup<\/span><\/strong><\/span><\/p>\n<p>Afin d&rsquo;aider la Communaut\u00e9 de Communes Coeur de Beauce \u00e0 <strong>trouver des solutions<\/strong> pour <strong>attirer des collaborateurs<\/strong> and <strong>pourvoir les centaines de postes cr\u00e9\u00e9s\u00a0<\/strong>sur sa zone d&rsquo;activit\u00e9, l&rsquo;agence conseil <a href=\"https:\/\/www.valuans.com\/en\/\" target=\"_blank\" rel=\"noopener\">Valuans<\/a> a :<\/p>\n<h4 style=\"padding-left: 40px;\"><span style=\"color: #3b62ac;\">1) Identifi\u00e9 les besoins :<\/span><\/h4>\n<p style=\"padding-left: 80px;\">que souhaitent les entreprises, les habitants, les collectivit\u00e9s locales, les partenaires des entreprises, les pouvoirs publics, les parties prenantes ? Un <strong>moyen<\/strong>\u00a0<strong>accessible<\/strong>, qui\u00a0<strong>facilite le quotidien<\/strong>\u00a0et qui a un <strong>faible\u00a0impact environnemental<\/strong><\/p>\n<h4 style=\"padding-left: 40px;\"><span style=\"color: #3b62ac;\">2) Aid\u00e9 \u00e0 la prise de d\u00e9cision :<\/span><\/h4>\n<p style=\"padding-left: 80px;\">en proposant des <strong>pistes chiffr\u00e9es, des solutions possibles et des partenaires techniques<\/strong> pour simuler le fonctionnement du service, d\u00e9finir les r\u00f4les des diff\u00e9rents acteurs, chiffrer les investissements et les frais de fonctionnement du projet, puis du prototype exp\u00e9rimentant le service.<\/p>\n<h4 style=\"padding-left: 40px;\"><span style=\"color: #3b62ac;\">3) Facilit\u00e9 la communication :<\/span><\/h4>\n<p style=\"padding-left: 80px;\">entre la Communaut\u00e9 de Communes et les <strong>partenaires techniques<\/strong> retenus : \u00e9criture d&rsquo;expression de besoin, r\u00e9daction de cahier des charges, interface entre les \u00e9quipes, pr\u00e9paration de synth\u00e8ses pour les d\u00e9cideurs et de supports de communication sur le d\u00e9roulement du projet<\/p>\n<h4 style=\"padding-left: 40px;\"><span style=\"color: #3b62ac;\">4) Permis <strong>la co-construction de la solution souhait\u00e9e :<\/strong><\/span><\/h4>\n<p style=\"padding-left: 80px;\">une <strong>application mobile de covoiturage<\/strong> et la mise \u00e0 disposition de <strong>v\u00e9hicules \u00e9lectriques<\/strong>.<\/p>\n<p style=\"padding-left: 80px;\">3 outils fonctionnent de concert au sein de cette m\u00eame application :<\/p>\n<blockquote style=\"padding-left: 80px;\"><p><span style=\"font-size: 10pt;\">Des fonctionnalit\u00e9s permettant d\u2019<strong>optimiser l\u2019utilisation de l&rsquo;application<\/strong> mis \u00e0 disposition par la Communaut\u00e9 de Communes et son partenaire technique.<\/span><\/p>\n<p><span style=\"font-size: 10pt;\">Une\u00a0<strong>promotion<\/strong> <strong>du covoiturage<\/strong> aupr\u00e8s des demandeurs d\u2019emplois et des int\u00e9rimaires, pour leur proposer de rejoindre les v\u00e9hicules de personnes travaillant sur ou \u00e0 proximit\u00e9 de la zone d&rsquo;activit\u00e9 d&rsquo;Artenay Poupry.<\/span><\/p>\n<p><span style=\"font-size: 10pt;\">Des<strong> services incitant les personnes \u00e0 se connecter r\u00e9guli\u00e8rement \u00e0 l\u2019application<\/strong>, pour rechercher des offres d\u2019emploi, des opportunit\u00e9s de logements \u00e0 proximit\u00e9 de leur travail etc.<\/span><\/p><\/blockquote>\n<h4 style=\"padding-left: 40px;\"><span style=\"color: #3b62ac;\">5) Organis\u00e9 le d\u00e9veloppement de la solution :<\/span><\/h4>\n<p style=\"padding-left: 80px;\">avec des actions mesurables de <strong>conseil et d&rsquo;appui <\/strong>aupr\u00e8s des \u00e9quipes de la Communaut\u00e9 de Communes pour convaincre les \u00e9lus, les d\u00e9cideurs, les pouvoirs publics et tous les partenaires qui ont contribu\u00e9 au projet que ce soit au d\u00e9but, lors de la conception de l&rsquo;id\u00e9e ou de la construction de la solution.<\/p>\n<p>&nbsp;<\/p>\n<div class=\"page\" title=\"Page 8\">\n<div class=\"section\">\n<div class=\"layoutArea\">\n<div class=\"column\">\n<p><span style=\"color: #ef7d3a; font-size: 14pt;\"><strong>Une solution pour la Plan\u00e8te<\/strong><\/span><\/p>\n<p>Au-del\u00e0 de l\u2019acc\u00e8s \u00e0 l\u2019emploi, C\u0153ur de Beauce Mobilit\u00e9 permet des \u00e9conomies de trajet pour le conducteur comme pour le passager et une diminution des gaz \u00e0 effet de serre li\u00e9e \u00e0 la pratique quotidienne de l\u2019autosolisme.<\/p>\n<\/div>\n<\/div>\n<div class=\"layoutArea\">\n<div class=\"column\">\n<p>&nbsp;<\/p>\n<\/div>\n<\/div>\n<\/div>\n<\/div>\n<p>D\u00e9couvrez le dossier de \u00ab\u00a0<a href=\"https:\/\/www.francemobilites.fr\" target=\"_blank\" rel=\"noopener\">France Mobilit\u00e9s<\/a>\u00ab\u00a0, promotrice de <strong>l&rsquo;innovation fran\u00e7aise<\/strong>,\u00a0sur les nouvelles mobilit\u00e9s en Centre-Val de Loire<strong>\u00a0<\/strong>:\u00a0<a href=\"http:\/\/www.centre-val-de-loire.developpement-durable.gouv.fr\/IMG\/pdf\/dossier_tournee-fm.pdf\" target=\"_blank\" rel=\"noopener\">http:\/\/www.centre-val-de-loire.developpement-durable.gouv.fr\/IMG\/pdf\/dossier_tournee-fm.pdf<\/a><\/p>\n<p style=\"padding-left: 40px;\"><a href=\"https:\/\/www.valuans.com\/en\/creation-developpement-et-mise-en-place-dune-solution-pour-faciliter-la-mobilite-en-zone-rurale\/capture-decran-2021-07-30-a-15-37-57-1\/\" rel=\"attachment wp-att-1032\"><br \/>\n<\/a><a href=\"https:\/\/www.valuans.com\/en\/creation-developpement-et-mise-en-place-dune-solution-pour-faciliter-la-mobilite-en-zone-rurale\/capture-decran-2021-07-30-a-15-37-57-1\/\" rel=\"attachment wp-att-1032\"><img loading=\"lazy\" decoding=\"async\" class=\"aligncenter wp-image-1032\" src=\"https:\/\/www.valuans.com\/wp-content\/uploads\/2021\/07\/Capture-decran-2021-07-30-a-15.37.57-1-640x167.png\" alt=\"La CC Coeur de Beauce parle de nous sur la solution de mobilit\u00e9.\" width=\"681\" height=\"178\" srcset=\"https:\/\/www.valuans.com\/wp-content\/uploads\/2021\/07\/Capture-decran-2021-07-30-a-15.37.57-1-640x167.png 640w, https:\/\/www.valuans.com\/wp-content\/uploads\/2021\/07\/Capture-decran-2021-07-30-a-15.37.57-1-1280x333.png 1280w, https:\/\/www.valuans.com\/wp-content\/uploads\/2021\/07\/Capture-decran-2021-07-30-a-15.37.57-1-320x83.png 320w, https:\/\/www.valuans.com\/wp-content\/uploads\/2021\/07\/Capture-decran-2021-07-30-a-15.37.57-1-768x200.png 768w, https:\/\/www.valuans.com\/wp-content\/uploads\/2021\/07\/Capture-decran-2021-07-30-a-15.37.57-1-1536x400.png 1536w, https:\/\/www.valuans.com\/wp-content\/uploads\/2021\/07\/Capture-decran-2021-07-30-a-15.37.57-1-2048x533.png 2048w, https:\/\/www.valuans.com\/wp-content\/uploads\/2021\/07\/Capture-decran-2021-07-30-a-15.37.57-1-16x4.png 16w\" sizes=\"(max-width: 681px) 100vw, 681px\" \/><\/a><\/p>","protected":false},"excerpt":{"rendered":"<p>Depuis 2017 un grand nombre d&rsquo;entreprises de logistique se sont implant\u00e9es sur la zone d&rsquo;activit\u00e9 d\u2019Artenay Poupry en Eure-et-Loir. Cette dynamique a conduit \u00e0 la cr\u00e9ation de nombreux emplois dans [&hellip;]<\/p>","protected":false},"author":2,"featured_media":1044,"comment_status":"open","ping_status":"open","sticky":false,"template":"","format":"standard","meta":{"content-type":"","footnotes":""},"categories":[17,6,19],"tags":[],"yoast_head":"<!-- This site is optimized with the Yoast SEO Premium plugin v22.3 (Yoast SEO v23.5) - https:\/\/yoast.com\/wordpress\/plugins\/seo\/ -->\n<title>Co-construction d&#039;une solution pratique pour faciliter la mobilit\u00e9 en zone rurale<\/title>\n<meta name=\"description\" content=\"L&#039;agence de Conseil et d&#039;Appui Op\u00e9rationnel Valuans, au service d&#039;un projet de mobilit\u00e9 rurale : solutions, organisation, pilotage des actions\" \/>\n<meta name=\"robots\" content=\"index, follow, max-snippet:-1, max-image-preview:large, max-video-preview:-1\" \/>\n<link rel=\"canonical\" href=\"https:\/\/www.valuans.com\/en\/creation-developpement-et-mise-en-place-dune-solution-pour-faciliter-la-mobilite-en-zone-rurale\/\" \/>\n<meta property=\"og:locale\" content=\"en_GB\" \/>\n<meta property=\"og:type\" content=\"article\" \/>\n<meta property=\"og:title\" content=\"Co-construction d&#039;une solution pratique pour faciliter la mobilit\u00e9 en zone rurale\" \/>\n<meta property=\"og:description\" content=\"L&#039;agence de Conseil et d&#039;Appui Op\u00e9rationnel Valuans, au service d&#039;un projet de mobilit\u00e9 rurale : solutions, organisation, pilotage des actions\" \/>\n<meta property=\"og:url\" content=\"https:\/\/www.valuans.com\/en\/creation-developpement-et-mise-en-place-dune-solution-pour-faciliter-la-mobilite-en-zone-rurale\/\" \/>\n<meta property=\"og:site_name\" content=\"Valuans\" \/>\n<meta property=\"article:publisher\" content=\"https:\/\/www.facebook.com\/Valuans\" \/>\n<meta property=\"article:published_time\" content=\"2021-07-30T15:22:27+00:00\" \/>\n<meta property=\"article:modified_time\" content=\"2022-07-01T17:25:48+00:00\" \/>\n<meta property=\"og:image\" content=\"https:\/\/www.valuans.com\/wp-content\/uploads\/2021\/07\/MicrosoftTeams-image-2-scaled.jpg\" \/>\n\t<meta property=\"og:image:width\" content=\"2560\" \/>\n\t<meta property=\"og:image:height\" content=\"1707\" \/>\n\t<meta property=\"og:image:type\" content=\"image\/jpeg\" \/>\n<meta name=\"author\" content=\"Valuans\" \/>\n<meta name=\"twitter:card\" content=\"summary_large_image\" \/>\n<meta name=\"twitter:creator\" content=\"@valuans\" \/>\n<meta name=\"twitter:site\" content=\"@valuans\" \/>\n<meta name=\"twitter:label1\" content=\"Written by\" \/>\n\t<meta name=\"twitter:data1\" content=\"Valuans\" \/>\n\t<meta name=\"twitter:label2\" content=\"Estimated reading time\" \/>\n\t<meta name=\"twitter:data2\" content=\"5 minutes\" \/>\n<script type=\"application\/ld+json\" class=\"yoast-schema-graph\">{\"@context\":\"https:\/\/schema.org\",\"@graph\":[{\"@type\":\"Article\",\"@id\":\"https:\/\/www.valuans.com\/creation-developpement-et-mise-en-place-dune-solution-pour-faciliter-la-mobilite-en-zone-rurale\/#article\",\"isPartOf\":{\"@id\":\"https:\/\/www.valuans.com\/creation-developpement-et-mise-en-place-dune-solution-pour-faciliter-la-mobilite-en-zone-rurale\/\"},\"author\":{\"name\":\"Valuans\",\"@id\":\"https:\/\/www.valuans.com\/#\/schema\/person\/2e9d9203b0978a3ce954bf61de6e92a4\"},\"headline\":\"Co-construction d&rsquo;une solution pratique pour faciliter la mobilit\u00e9 en zone rurale\",\"datePublished\":\"2021-07-30T15:22:27+00:00\",\"dateModified\":\"2022-07-01T17:25:48+00:00\",\"mainEntityOfPage\":{\"@id\":\"https:\/\/www.valuans.com\/creation-developpement-et-mise-en-place-dune-solution-pour-faciliter-la-mobilite-en-zone-rurale\/\"},\"wordCount\":1010,\"commentCount\":0,\"publisher\":{\"@id\":\"https:\/\/www.valuans.com\/#organization\"},\"image\":{\"@id\":\"https:\/\/www.valuans.com\/creation-developpement-et-mise-en-place-dune-solution-pour-faciliter-la-mobilite-en-zone-rurale\/#primaryimage\"},\"thumbnailUrl\":\"https:\/\/www.valuans.com\/wp-content\/uploads\/2021\/07\/MicrosoftTeams-image-2-scaled.jpg\",\"articleSection\":[\"Formation\",\"Innovation\",\"Revue de presse\"],\"inLanguage\":\"en-GB\",\"potentialAction\":[{\"@type\":\"CommentAction\",\"name\":\"Comment\",\"target\":[\"https:\/\/www.valuans.com\/creation-developpement-et-mise-en-place-dune-solution-pour-faciliter-la-mobilite-en-zone-rurale\/#respond\"]}]},{\"@type\":\"WebPage\",\"@id\":\"https:\/\/www.valuans.com\/creation-developpement-et-mise-en-place-dune-solution-pour-faciliter-la-mobilite-en-zone-rurale\/\",\"url\":\"https:\/\/www.valuans.com\/creation-developpement-et-mise-en-place-dune-solution-pour-faciliter-la-mobilite-en-zone-rurale\/\",\"name\":\"Co-construction d'une solution pratique pour faciliter la mobilit\u00e9 en zone rurale\",\"isPartOf\":{\"@id\":\"https:\/\/www.valuans.com\/#website\"},\"primaryImageOfPage\":{\"@id\":\"https:\/\/www.valuans.com\/creation-developpement-et-mise-en-place-dune-solution-pour-faciliter-la-mobilite-en-zone-rurale\/#primaryimage\"},\"image\":{\"@id\":\"https:\/\/www.valuans.com\/creation-developpement-et-mise-en-place-dune-solution-pour-faciliter-la-mobilite-en-zone-rurale\/#primaryimage\"},\"thumbnailUrl\":\"https:\/\/www.valuans.com\/wp-content\/uploads\/2021\/07\/MicrosoftTeams-image-2-scaled.jpg\",\"datePublished\":\"2021-07-30T15:22:27+00:00\",\"dateModified\":\"2022-07-01T17:25:48+00:00\",\"description\":\"L'agence de Conseil et d'Appui Op\u00e9rationnel Valuans, au service d'un projet de mobilit\u00e9 rurale : solutions, organisation, pilotage des actions\",\"breadcrumb\":{\"@id\":\"https:\/\/www.valuans.com\/creation-developpement-et-mise-en-place-dune-solution-pour-faciliter-la-mobilite-en-zone-rurale\/#breadcrumb\"},\"inLanguage\":\"en-GB\",\"potentialAction\":[{\"@type\":\"ReadAction\",\"target\":[\"https:\/\/www.valuans.com\/creation-developpement-et-mise-en-place-dune-solution-pour-faciliter-la-mobilite-en-zone-rurale\/\"]}]},{\"@type\":\"ImageObject\",\"inLanguage\":\"en-GB\",\"@id\":\"https:\/\/www.valuans.com\/creation-developpement-et-mise-en-place-dune-solution-pour-faciliter-la-mobilite-en-zone-rurale\/#primaryimage\",\"url\":\"https:\/\/www.valuans.com\/wp-content\/uploads\/2021\/07\/MicrosoftTeams-image-2-scaled.jpg\",\"contentUrl\":\"https:\/\/www.valuans.com\/wp-content\/uploads\/2021\/07\/MicrosoftTeams-image-2-scaled.jpg\",\"width\":2560,\"height\":1707,\"caption\":\"Photo a\u00e9rienne des champs de colza en fleur au printemps en Eure-et-Loire, r\u00e9gion Centre, France\"},{\"@type\":\"BreadcrumbList\",\"@id\":\"https:\/\/www.valuans.com\/creation-developpement-et-mise-en-place-dune-solution-pour-faciliter-la-mobilite-en-zone-rurale\/#breadcrumb\",\"itemListElement\":[{\"@type\":\"ListItem\",\"position\":1,\"name\":\"Home\",\"item\":\"https:\/\/www.valuans.com\/\"},{\"@type\":\"ListItem\",\"position\":2,\"name\":\"Co-construction d&rsquo;une solution pratique pour faciliter la mobilit\u00e9 en zone rurale\"}]},{\"@type\":\"WebSite\",\"@id\":\"https:\/\/www.valuans.com\/#website\",\"url\":\"https:\/\/www.valuans.com\/\",\"name\":\"Valuans\",\"description\":\"Accompagner les projets, d\u00e9velopper les id\u00e9es - Valuans - Agence Conseil\",\"publisher\":{\"@id\":\"https:\/\/www.valuans.com\/#organization\"},\"potentialAction\":[{\"@type\":\"SearchAction\",\"target\":{\"@type\":\"EntryPoint\",\"urlTemplate\":\"https:\/\/www.valuans.com\/?s={search_term_string}\"},\"query-input\":{\"@type\":\"PropertyValueSpecification\",\"valueRequired\":true,\"valueName\":\"search_term_string\"}}],\"inLanguage\":\"en-GB\"},{\"@type\":\"Organization\",\"@id\":\"https:\/\/www.valuans.com\/#organization\",\"name\":\"Valuans\",\"url\":\"https:\/\/www.valuans.com\/\",\"logo\":{\"@type\":\"ImageObject\",\"inLanguage\":\"en-GB\",\"@id\":\"https:\/\/www.valuans.com\/#\/schema\/logo\/image\/\",\"url\":\"https:\/\/www.valuans.com\/wp-content\/uploads\/2021\/05\/profil_valuans_280x280px.jpg\",\"contentUrl\":\"https:\/\/www.valuans.com\/wp-content\/uploads\/2021\/05\/profil_valuans_280x280px.jpg\",\"width\":281,\"height\":281,\"caption\":\"Valuans\"},\"image\":{\"@id\":\"https:\/\/www.valuans.com\/#\/schema\/logo\/image\/\"},\"sameAs\":[\"https:\/\/www.facebook.com\/Valuans\",\"https:\/\/x.com\/valuans\",\"https:\/\/www.instagram.com\/valuans\/\",\"https:\/\/www.linkedin.com\/company\/9220229\/admin\/\"]},{\"@type\":\"Person\",\"@id\":\"https:\/\/www.valuans.com\/#\/schema\/person\/2e9d9203b0978a3ce954bf61de6e92a4\",\"name\":\"Valuans\",\"image\":{\"@type\":\"ImageObject\",\"inLanguage\":\"en-GB\",\"@id\":\"https:\/\/www.valuans.com\/#\/schema\/person\/image\/\",\"url\":\"https:\/\/secure.gravatar.com\/avatar\/802759060913684c48c9bce0c960caa5?s=96&d=mm&r=g\",\"contentUrl\":\"https:\/\/secure.gravatar.com\/avatar\/802759060913684c48c9bce0c960caa5?s=96&d=mm&r=g\",\"caption\":\"Valuans\"},\"sameAs\":[\"http:\/\/www.valuans.com\"],\"url\":\"https:\/\/www.valuans.com\/en\/author\/valuans\/\"}]}<\/script>\n<!-- \/ Yoast SEO Premium plugin. -->","yoast_head_json":{"title":"Co-construction d'une solution pratique pour faciliter la mobilit\u00e9 en zone rurale","description":"L'agence de Conseil et d'Appui Op\u00e9rationnel Valuans, au service d'un projet de mobilit\u00e9 rurale : solutions, organisation, pilotage des actions","robots":{"index":"index","follow":"follow","max-snippet":"max-snippet:-1","max-image-preview":"max-image-preview:large","max-video-preview":"max-video-preview:-1"},"canonical":"https:\/\/www.valuans.com\/en\/creation-developpement-et-mise-en-place-dune-solution-pour-faciliter-la-mobilite-en-zone-rurale\/","og_locale":"en_GB","og_type":"article","og_title":"Co-construction d'une solution pratique pour faciliter la mobilit\u00e9 en zone rurale","og_description":"L'agence de Conseil et d'Appui Op\u00e9rationnel Valuans, au service d'un projet de mobilit\u00e9 rurale : solutions, organisation, pilotage des actions","og_url":"https:\/\/www.valuans.com\/en\/creation-developpement-et-mise-en-place-dune-solution-pour-faciliter-la-mobilite-en-zone-rurale\/","og_site_name":"Valuans","article_publisher":"https:\/\/www.facebook.com\/Valuans","article_published_time":"2021-07-30T15:22:27+00:00","article_modified_time":"2022-07-01T17:25:48+00:00","og_image":[{"width":2560,"height":1707,"url":"https:\/\/www.valuans.com\/wp-content\/uploads\/2021\/07\/MicrosoftTeams-image-2-scaled.jpg","type":"image\/jpeg"}],"author":"Valuans","twitter_card":"summary_large_image","twitter_creator":"@valuans","twitter_site":"@valuans","twitter_misc":{"Written by":"Valuans","Estimated reading time":"5 minutes"},"schema":{"@context":"https:\/\/schema.org","@graph":[{"@type":"Article","@id":"https:\/\/www.valuans.com\/creation-developpement-et-mise-en-place-dune-solution-pour-faciliter-la-mobilite-en-zone-rurale\/#article","isPartOf":{"@id":"https:\/\/www.valuans.com\/creation-developpement-et-mise-en-place-dune-solution-pour-faciliter-la-mobilite-en-zone-rurale\/"},"author":{"name":"Valuans","@id":"https:\/\/www.valuans.com\/#\/schema\/person\/2e9d9203b0978a3ce954bf61de6e92a4"},"headline":"Co-construction d&rsquo;une solution pratique pour faciliter la mobilit\u00e9 en zone rurale","datePublished":"2021-07-30T15:22:27+00:00","dateModified":"2022-07-01T17:25:48+00:00","mainEntityOfPage":{"@id":"https:\/\/www.valuans.com\/creation-developpement-et-mise-en-place-dune-solution-pour-faciliter-la-mobilite-en-zone-rurale\/"},"wordCount":1010,"commentCount":0,"publisher":{"@id":"https:\/\/www.valuans.com\/#organization"},"image":{"@id":"https:\/\/www.valuans.com\/creation-developpement-et-mise-en-place-dune-solution-pour-faciliter-la-mobilite-en-zone-rurale\/#primaryimage"},"thumbnailUrl":"https:\/\/www.valuans.com\/wp-content\/uploads\/2021\/07\/MicrosoftTeams-image-2-scaled.jpg","articleSection":["Formation","Innovation","Revue de presse"],"inLanguage":"en-GB","potentialAction":[{"@type":"CommentAction","name":"Comment","target":["https:\/\/www.valuans.com\/creation-developpement-et-mise-en-place-dune-solution-pour-faciliter-la-mobilite-en-zone-rurale\/#respond"]}]},{"@type":"WebPage","@id":"https:\/\/www.valuans.com\/creation-developpement-et-mise-en-place-dune-solution-pour-faciliter-la-mobilite-en-zone-rurale\/","url":"https:\/\/www.valuans.com\/creation-developpement-et-mise-en-place-dune-solution-pour-faciliter-la-mobilite-en-zone-rurale\/","name":"Co-construction d'une solution pratique pour faciliter la mobilit\u00e9 en zone rurale","isPartOf":{"@id":"https:\/\/www.valuans.com\/#website"},"primaryImageOfPage":{"@id":"https:\/\/www.valuans.com\/creation-developpement-et-mise-en-place-dune-solution-pour-faciliter-la-mobilite-en-zone-rurale\/#primaryimage"},"image":{"@id":"https:\/\/www.valuans.com\/creation-developpement-et-mise-en-place-dune-solution-pour-faciliter-la-mobilite-en-zone-rurale\/#primaryimage"},"thumbnailUrl":"https:\/\/www.valuans.com\/wp-content\/uploads\/2021\/07\/MicrosoftTeams-image-2-scaled.jpg","datePublished":"2021-07-30T15:22:27+00:00","dateModified":"2022-07-01T17:25:48+00:00","description":"L'agence de Conseil et d'Appui Op\u00e9rationnel Valuans, au service d'un projet de mobilit\u00e9 rurale : solutions, organisation, pilotage des actions","breadcrumb":{"@id":"https:\/\/www.valuans.com\/creation-developpement-et-mise-en-place-dune-solution-pour-faciliter-la-mobilite-en-zone-rurale\/#breadcrumb"},"inLanguage":"en-GB","potentialAction":[{"@type":"ReadAction","target":["https:\/\/www.valuans.com\/creation-developpement-et-mise-en-place-dune-solution-pour-faciliter-la-mobilite-en-zone-rurale\/"]}]},{"@type":"ImageObject","inLanguage":"en-GB","@id":"https:\/\/www.valuans.com\/creation-developpement-et-mise-en-place-dune-solution-pour-faciliter-la-mobilite-en-zone-rurale\/#primaryimage","url":"https:\/\/www.valuans.com\/wp-content\/uploads\/2021\/07\/MicrosoftTeams-image-2-scaled.jpg","contentUrl":"https:\/\/www.valuans.com\/wp-content\/uploads\/2021\/07\/MicrosoftTeams-image-2-scaled.jpg","width":2560,"height":1707,"caption":"Photo a\u00e9rienne des champs de colza en fleur au printemps en Eure-et-Loire, r\u00e9gion Centre, France"},{"@type":"BreadcrumbList","@id":"https:\/\/www.valuans.com\/creation-developpement-et-mise-en-place-dune-solution-pour-faciliter-la-mobilite-en-zone-rurale\/#breadcrumb","itemListElement":[{"@type":"ListItem","position":1,"name":"Home","item":"https:\/\/www.valuans.com\/"},{"@type":"ListItem","position":2,"name":"Co-construction d&rsquo;une solution pratique pour faciliter la mobilit\u00e9 en zone rurale"}]},{"@type":"WebSite","@id":"https:\/\/www.valuans.com\/#website","url":"https:\/\/www.valuans.com\/","name":"Valuans","description":"Accompagner les projets, d\u00e9velopper les id\u00e9es - Valuans - Agence Conseil","publisher":{"@id":"https:\/\/www.valuans.com\/#organization"},"potentialAction":[{"@type":"SearchAction","target":{"@type":"EntryPoint","urlTemplate":"https:\/\/www.valuans.com\/?s={search_term_string}"},"query-input":{"@type":"PropertyValueSpecification","valueRequired":true,"valueName":"search_term_string"}}],"inLanguage":"en-GB"},{"@type":"Organization","@id":"https:\/\/www.valuans.com\/#organization","name":"Valuans","url":"https:\/\/www.valuans.com\/","logo":{"@type":"ImageObject","inLanguage":"en-GB","@id":"https:\/\/www.valuans.com\/#\/schema\/logo\/image\/","url":"https:\/\/www.valuans.com\/wp-content\/uploads\/2021\/05\/profil_valuans_280x280px.jpg","contentUrl":"https:\/\/www.valuans.com\/wp-content\/uploads\/2021\/05\/profil_valuans_280x280px.jpg","width":281,"height":281,"caption":"Valuans"},"image":{"@id":"https:\/\/www.valuans.com\/#\/schema\/logo\/image\/"},"sameAs":["https:\/\/www.facebook.com\/Valuans","https:\/\/x.com\/valuans","https:\/\/www.instagram.com\/valuans\/","https:\/\/www.linkedin.com\/company\/9220229\/admin\/"]},{"@type":"Person","@id":"https:\/\/www.valuans.com\/#\/schema\/person\/2e9d9203b0978a3ce954bf61de6e92a4","name":"Valuans","image":{"@type":"ImageObject","inLanguage":"en-GB","@id":"https:\/\/www.valuans.com\/#\/schema\/person\/image\/","url":"https:\/\/secure.gravatar.com\/avatar\/802759060913684c48c9bce0c960caa5?s=96&d=mm&r=g","contentUrl":"https:\/\/secure.gravatar.com\/avatar\/802759060913684c48c9bce0c960caa5?s=96&d=mm&r=g","caption":"Valuans"},"sameAs":["http:\/\/www.valuans.com"],"url":"https:\/\/www.valuans.com\/en\/author\/valuans\/"}]}},"jetpack_sharing_enabled":true,"jetpack_featured_media_url":"https:\/\/www.valuans.com\/wp-content\/uploads\/2021\/07\/MicrosoftTeams-image-2-scaled.jpg","_links":{"self":[{"href":"https:\/\/www.valuans.com\/en\/wp-json\/wp\/v2\/posts\/1029"}],"collection":[{"href":"https:\/\/www.valuans.com\/en\/wp-json\/wp\/v2\/posts"}],"about":[{"href":"https:\/\/www.valuans.com\/en\/wp-json\/wp\/v2\/types\/post"}],"author":[{"embeddable":true,"href":"https:\/\/www.valuans.com\/en\/wp-json\/wp\/v2\/users\/2"}],"replies":[{"embeddable":true,"href":"https:\/\/www.valuans.com\/en\/wp-json\/wp\/v2\/comments?post=1029"}],"version-history":[{"count":33,"href":"https:\/\/www.valuans.com\/en\/wp-json\/wp\/v2\/posts\/1029\/revisions"}],"predecessor-version":[{"id":1146,"href":"https:\/\/www.valuans.com\/en\/wp-json\/wp\/v2\/posts\/1029\/revisions\/1146"}],"wp:featuredmedia":[{"embeddable":true,"href":"https:\/\/www.valuans.com\/en\/wp-json\/wp\/v2\/media\/1044"}],"wp:attachment":[{"href":"https:\/\/www.valuans.com\/en\/wp-json\/wp\/v2\/media?parent=1029"}],"wp:term":[{"taxonomy":"category","embeddable":true,"href":"https:\/\/www.valuans.com\/en\/wp-json\/wp\/v2\/categories?post=1029"},{"taxonomy":"post_tag","embeddable":true,"href":"https:\/\/www.valuans.com\/en\/wp-json\/wp\/v2\/tags?post=1029"}],"curies":[{"name":"wp","href":"https:\/\/api.w.org\/{rel}","templated":true}]}}